{"id":581,"date":"2023-03-28T17:24:00","date_gmt":"2023-03-28T15:24:00","guid":{"rendered":"http:\/\/konditorei-schroeter.net\/?p=581"},"modified":"2023-07-14T23:46:31","modified_gmt":"2023-07-14T21:46:31","slug":"unser-brotplan","status":"publish","type":"post","link":"https:\/\/konditorei-schroeter.de\/?p=581","title":{"rendered":"Unser Brotplan"},"content":{"rendered":"\n<hr class=\"wp-block-separator has-css-opacity\"\/>\n\n\n\n<p>Um Ihnen t\u00e4glich ein frisches und zuverl\u00e4ssiges Angebot an verschiedenen Broten anbieten zu k\u00f6nnen, haben wir einen Brotplan erstellt. Hier k\u00f6nnen Sie sehen wann wir welche Brote frisch f\u00fcr Sie zubereiten.<\/p>\n\n\n\n<figure class=\"wp-block-table is-style-stripes\"><table><thead><tr><th>Brotplan<\/th><th>Mo &#8211; Mi<\/th><th><\/th><\/tr><\/thead><tbody><tr><td><strong>Montag<\/strong><\/td><td><strong>Dienstag<\/strong><\/td><td><strong>Mittwoch<\/strong><\/td><\/tr><tr><td><\/td><td>K\u00fcrbiskernbrot<\/td><td>Pan Doro<\/td><\/tr><tr><td><\/td><td>Vollkornbrot<\/td><td>Sonnenblumenkernbrot <\/td><\/tr><tr><td><strong><mark style=\"background-color:rgba(0, 0, 0, 0)\" class=\"has-inline-color has-vivid-red-color\">Ruhetag<\/mark><\/strong><\/td><td>Zwiebel<\/td><td> Dreisaat <\/td><\/tr><tr><td><\/td><td>Brot der Saison<\/td><td>100%er<\/td><\/tr><tr><td><\/td><td>Dinkelberger<\/td><td> Dinkelberger <\/td><\/tr><tr><td><\/td><td>Bergsteiger<\/td><td> Dinkelchen <\/td><\/tr><tr><td><\/td><td>Saftkornbrot<\/td><td>Fr\u00e4nkisches Dinkel<\/td><\/tr><\/tbody><\/table><\/figure>\n\n\n\n<figure class=\"wp-block-table is-style-stripes\"><table><thead><tr><th> <strong>Brotplan<\/strong> <\/th><th>Do &#8211; So<\/th><th><\/th><\/tr><\/thead><tbody><tr><td> <strong>Donnerstag<\/strong> <\/td><td><strong>Freitag<\/strong><\/td><td><strong>Samstag<\/strong><\/td><\/tr><tr><td>K\u00fcrbiskernbrot  <\/td><td>Dreisaat<\/td><td>K\u00fcrbiskernbrot<\/td><\/tr><tr><td>Dinkelberger  <\/td><td>Pan Doro<\/td><td>Pan Doro<\/td><\/tr><tr><td>Bergsteiger <\/td><td>Sonnenblumkernbrot<\/td><td>Dinkelberger <\/td><\/tr><tr><td>Vollkornbrot <\/td><td>Kanadisches<\/td><td>Buchweizen<\/td><\/tr><tr><td>Brot der Saison <\/td><td>Dinkelberger <\/td><td><\/td><\/tr><tr><td><\/td><td>Fr\u00e4nkisches Dinkel<\/td><td><strong>Sonntag<\/strong><\/td><\/tr><tr><td><\/td><td>100%er<\/td><td>Landbrot<\/td><\/tr><tr><td><\/td><td>Dinkelchen<\/td><td><\/td><\/tr><tr><td><\/td><td> <\/td><td><\/td><\/tr><\/tbody><\/table><\/figure>\n\n\n\n<p>Neben den oben angegebenen Broten haben wir einige Klassiker auf Lager die wir jeden Tag bei uns im Laden anbieten:  <\/p>\n\n\n\n<div class=\"wp-block-group\"><div class=\"wp-block-group__inner-container is-layout-flow wp-block-group-is-layout-flow\">\n<ul class=\"wp-block-list\">\n<li>Landbrot, Frankenleib, K\u00fcmmel, Olivenringe, Baguette, Wei\u00dfbrot, <\/li>\n\n\n\n<li>auf Bestellung Rosinenstuten<\/li>\n<\/ul>\n<\/div><\/div>\n\n\n\n<div class=\"wp-block-buttons is-layout-flex wp-block-buttons-is-layout-flex\">\n<div class=\"wp-block-button\"><a class=\"wp-block-button__link has-white-color has-text-color has-background wp-element-button\" href=\"http:\/\/konditorei-schroeter.net\/wp-content\/uploads\/2023\/03\/Brotplan M\u00e4rz 2023 A5.pdf\" style=\"background-color:#aa0c23\">zum Brotplan<\/a><\/div>\n<\/div>\n","protected":false},"excerpt":{"rendered":"<p>Um Ihnen t\u00e4glich ein frisches und zuverl\u00e4ssiges Angebot an verschiedenen Broten anbieten zu k\u00f6nnen, haben wir einen Brotplan erstellt. Hier k\u00f6nnen Sie sehen wann wir welche Brote frisch f\u00fcr Sie zubereiten.<\/p>\n","protected":false},"author":1,"featured_media":583,"comment_status":"closed","ping_status":"closed","sticky":false,"template":"","format":"standard","meta":{"footnotes":""},"categories":[12],"tags":[],"class_list":["post-581","post","type-post","status-publish","format-standard","has-post-thumbnail","hentry","category-allgemein"],"_links":{"self":[{"href":"https:\/\/konditorei-schroeter.de\/index.php?rest_route=\/wp\/v2\/posts\/581","targetHints":{"allow":["GET"]}}],"collection":[{"href":"https:\/\/konditorei-schroeter.de\/index.php?rest_route=\/wp\/v2\/posts"}],"about":[{"href":"https:\/\/konditorei-schroeter.de\/index.php?rest_route=\/wp\/v2\/types\/post"}],"author":[{"embeddable":true,"href":"https:\/\/konditorei-schroeter.de\/index.php?rest_route=\/wp\/v2\/users\/1"}],"replies":[{"embeddable":true,"href":"https:\/\/konditorei-schroeter.de\/index.php?rest_route=%2Fwp%2Fv2%2Fcomments&post=581"}],"version-history":[{"count":63,"href":"https:\/\/konditorei-schroeter.de\/index.php?rest_route=\/wp\/v2\/posts\/581\/revisions"}],"predecessor-version":[{"id":733,"href":"https:\/\/konditorei-schroeter.de\/index.php?rest_route=\/wp\/v2\/posts\/581\/revisions\/733"}],"wp:featuredmedia":[{"embeddable":true,"href":"https:\/\/konditorei-schroeter.de\/index.php?rest_route=\/wp\/v2\/media\/583"}],"wp:attachment":[{"href":"https:\/\/konditorei-schroeter.de\/index.php?rest_route=%2Fwp%2Fv2%2Fmedia&parent=581"}],"wp:term":[{"taxonomy":"category","embeddable":true,"href":"https:\/\/konditorei-schroeter.de\/index.php?rest_route=%2Fwp%2Fv2%2Fcategories&post=581"},{"taxonomy":"post_tag","embeddable":true,"href":"https:\/\/konditorei-schroeter.de\/index.php?rest_route=%2Fwp%2Fv2%2Ftags&post=581"}],"curies":[{"name":"wp","href":"https:\/\/api.w.org\/{rel}","templated":true}]}}